{"id":2077,"date":"2015-06-21T12:46:20","date_gmt":"2015-06-21T12:46:20","guid":{"rendered":"http:\/\/excelsis.ch\/wordpress\/?p=2077"},"modified":"2015-06-21T12:46:20","modified_gmt":"2015-06-21T12:46:20","slug":"pre-orderpre-listen-the-new-album-tod-u-vergautig","status":"publish","type":"post","link":"https:\/\/excelsis.ch\/wordpress\/pre-orderpre-listen-the-new-album-tod-u-vergautig\/","title":{"rendered":"Pre-Order\/Pre-Listen the NEW ALBUM Tod u Verg\u00e4utig !!"},"content":{"rendered":"<p>HERE WE GO\u00a0!! Voller Stolz k\u00f6nnen wir Euch<br \/>\nmitteilen, das unser neues Album &#8220;Tod u Verg\u00e4utig&#8221; ab 28. August ver\u00f6ffentlicht wird!<br \/>\nVON HEUTE AN, kann man es bei cede.ch vorh\u00f6ren und nat\u00fcrlich auch VORBESTELLEN!!<br \/>\nH\u00f6rt doch schnell mal rein und&#8230;..nat\u00fcrlich k\u00f6nnen auch Kommentare gepostet werden!!<\/p>\n<p>HERE WE GO !!We are proud to inform you that &#8221; Tod u Verg\u00e4utig &#8221;<br \/>\nwill be released on August 28\u00a0<span class=\"text_exposed_show\">! Pre-listen and Pre-Order the Album here\u00a0!!<\/span><\/p>\n<p><a href=\"https:\/\/excelsis.ch\/wordpress\/wp-content\/uploads\/2015\/06\/Cover-Tod-u-Verg\u00e4utig-3.jpg\" class=\"pretty_image\" data-rel=\"prettyPhoto[2077]\"><img loading=\"lazy\" decoding=\"async\" class=\"alignnone size-medium wp-image-2078\" src=\"https:\/\/excelsis.ch\/wordpress\/wp-content\/uploads\/2015\/06\/Cover-Tod-u-Verg\u00e4utig-3-520x520.jpg\" alt=\"Cover-Tod-u-Verg\u00e4utig-3\" width=\"300\" height=\"300\" srcset=\"https:\/\/excelsis.ch\/wordpress\/wp-content\/uploads\/2015\/06\/Cover-Tod-u-Verg\u00e4utig-3-520x520.jpg 520w, https:\/\/excelsis.ch\/wordpress\/wp-content\/uploads\/2015\/06\/Cover-Tod-u-Verg\u00e4utig-3-150x150.jpg 150w, https:\/\/excelsis.ch\/wordpress\/wp-content\/uploads\/2015\/06\/Cover-Tod-u-Verg\u00e4utig-3-100x100.jpg 100w, https:\/\/excelsis.ch\/wordpress\/wp-content\/uploads\/2015\/06\/Cover-Tod-u-Verg\u00e4utig-3-300x300.jpg 300w, https:\/\/excelsis.ch\/wordpress\/wp-content\/uploads\/2015\/06\/Cover-Tod-u-Verg\u00e4utig-3-680x680.jpg 680w, https:\/\/excelsis.ch\/wordpress\/wp-content\/uploads\/2015\/06\/Cover-Tod-u-Verg\u00e4utig-3-140x140.jpg 140w, https:\/\/excelsis.ch\/wordpress\/wp-content\/uploads\/2015\/06\/Cover-Tod-u-Verg\u00e4utig-3-220x220.jpg 220w, https:\/\/excelsis.ch\/wordpress\/wp-content\/uploads\/2015\/06\/Cover-Tod-u-Verg\u00e4utig-3-500x500.jpg 500w, https:\/\/excelsis.ch\/wordpress\/wp-content\/uploads\/2015\/06\/Cover-Tod-u-Verg\u00e4utig-3.jpg 2048w\" sizes=\"auto, (max-width: 300px) 100vw, 300px\" \/><\/a><\/p>\n<p><a href=\"http:\/\/www.cede.ch\/de\/music\/?branch_sub=1&amp;view=detail&amp;id=1255149&amp;branch=1\">PREORDER\/PRELISTEN THE ALBUM HERE!<\/a><\/p>\n<div class=\"text_exposed_show\">\n<p>&nbsp;<\/p>\n<\/div>\n","protected":false},"excerpt":{"rendered":"<p>HERE WE GO\u00a0!! Voller Stolz k\u00f6nnen wir Euch mitteilen, das unser neues Album &#8220;Tod u Verg\u00e4utig&#8221; ab 28. August ver\u00f6ffentlicht wird! VON HEUTE AN, kann man es bei cede.ch vorh\u00f6ren&#8230;<\/p>\n","protected":false},"author":2,"featured_media":0,"comment_status":"open","ping_status":"open","sticky":false,"template":"","format":"standard","meta":{"footnotes":""},"categories":[1],"tags":[],"class_list":["post-2077","post","type-post","status-publish","format-standard","hentry","category-uncategorized"],"_links":{"self":[{"href":"https:\/\/excelsis.ch\/wordpress\/wp-json\/wp\/v2\/posts\/2077","targetHints":{"allow":["GET"]}}],"collection":[{"href":"https:\/\/excelsis.ch\/wordpress\/wp-json\/wp\/v2\/posts"}],"about":[{"href":"https:\/\/excelsis.ch\/wordpress\/wp-json\/wp\/v2\/types\/post"}],"author":[{"embeddable":true,"href":"https:\/\/excelsis.ch\/wordpress\/wp-json\/wp\/v2\/users\/2"}],"replies":[{"embeddable":true,"href":"https:\/\/excelsis.ch\/wordpress\/wp-json\/wp\/v2\/comments?post=2077"}],"version-history":[{"count":1,"href":"https:\/\/excelsis.ch\/wordpress\/wp-json\/wp\/v2\/posts\/2077\/revisions"}],"predecessor-version":[{"id":2079,"href":"https:\/\/excelsis.ch\/wordpress\/wp-json\/wp\/v2\/posts\/2077\/revisions\/2079"}],"wp:attachment":[{"href":"https:\/\/excelsis.ch\/wordpress\/wp-json\/wp\/v2\/media?parent=2077"}],"wp:term":[{"taxonomy":"category","embeddable":true,"href":"https:\/\/excelsis.ch\/wordpress\/wp-json\/wp\/v2\/categories?post=2077"},{"taxonomy":"post_tag","embeddable":true,"href":"https:\/\/excelsis.ch\/wordpress\/wp-json\/wp\/v2\/tags?post=2077"}],"curies":[{"name":"wp","href":"https:\/\/api.w.org\/{rel}","templated":true}]}}