{"id":2220,"date":"2015-10-04T21:17:25","date_gmt":"2015-10-04T21:17:25","guid":{"rendered":"http:\/\/excelsis.ch\/wordpress\/?p=2220"},"modified":"2015-10-04T21:17:25","modified_gmt":"2015-10-04T21:17:25","slug":"awesome-excelsis-20-years-festival","status":"publish","type":"post","link":"https:\/\/excelsis.ch\/wordpress\/awesome-excelsis-20-years-festival\/","title":{"rendered":"Awesome Excelsis 20 Years Festival !!"},"content":{"rendered":"<p>WWOOOOOWWWWWWW&#8230;&#8230;.was f\u00fcr ein Wochenende!!!!! Wir sind einfach \u00fcberw\u00e4ltigt von Euch allen !!!!!<\/p>\n<p>Dieses Festival hat uns auch gezeigt, dass Musik keine Grenzen kennt\u2026. vom Jodlerklub \u00fcber Irish Folk bis hin zum geilsten HC\u2026..es war eine riesige Familie und wir hatten es wirklich gem\u00fctlich zusammen !! Grossartig!!!Unseren Schwertbr\u00fcdern von Pertness m\u00f6chten wir f\u00fcr diesen unglaublichen Song danken, den Ihr f\u00fcr uns gemacht habt\u2026\u2026.geili Sieche!!Sehr emotional war f\u00fcr uns auch der Fanclub &#8211; Film\u2026wir waren schlichtweg \u00fcberw\u00e4ltigt! Danke dem ganzen Fanclub f\u00fcr eure treue Unterst\u00fctzung !!<br \/>\nPirmin und sein Highland Team aus der Innerschweiz wurde von allen nur gelobt. Dies zeigt wohl auch dass er und seine Mannen einfach \u201euhuere geili Sieche\u201c sind!! Danke ihr Freunde und \u201eChrieger\u201c im Kilt\u00a0<i class=\"_4-k1 img sp_fM-mz8spZ1b sx_5371b4\"><u>\u201esmile\u201c-Emoticon<\/u><\/i>!!!!!Danke auch dem Landbesitzer Max und seiner Frau, dass er uns so sehr (obwohl wir schwarz Gekleidet und zum Teil voll t\u00e4ttowiert sind\u00a0vertrauen schenkte\u00a0!!Es war super mit Euch !!<\/p>\n<div class=\"text_exposed_show\">\n<p>Und zu guter letzt nat\u00fcrlich EUCH ALLEN\u2026..dass Ihr dieses Wochenende und nat\u00fcrlich in den letzten 20 Jahren uns zur Seite standen!!!!<br \/>\nDieses HHHAAAAAUUUUUUUUUUUUUUUU ist nur f\u00fcr EUCH!!!!!<\/p>\n<p>Wir sind ger\u00fchrt und dies wird immer in unseren Erinnerungen bleiben!!!<br \/>\nAUES GEILI SIECHE!!!<\/p>\n<p>M\u00fcnggu &#8211; K\u00fcsu &#8211; R\u00f6lu &#8211; M\u00e4k &#8211; \u00c4du<\/p>\n<\/div>\n<p id=\"tw-target-text\" class=\"tw-data-text vk_txt tw-ta tw-text-small\" dir=\"ltr\" data-placeholder=\"\u00dcbersetzung\"><span lang=\"en\"><\/p>\n<p>WWOOOOOWWWWWWW &#8230;&#8230;. what a weekend !!!!! We are simply overwhelmed by all of you !!!!! This festival has also shown us that music knows no borders &#8230;. from Jodlerklub about Irish folk up to the hottest HC &#8230; ..it was a huge family and we had really cozy together !! Outstanding !!! Our sword brothers of Pertness we want to thank for this incredible song that you&#8217;ve done for us &#8230;&#8230; .geili Sieche !! Very emotional for us was the fan club &#8211; film &#8230; we were simply overwhelmed! Thanks to the entire fan club for your faithful support !! Pirmin and his Highland team from Central Switzerland has been praised by all only. This shows probably that he and his men simply &#8220;uhuere geili Sieche&#8221; are \u00a0!! Thank you friends &#8220;Chrieger&#8221; kilted !!!!! Thanks also to the landowner Max and his wife for giving us so much (though we are dressed in black and fully tattooed partly rely !! It was great having you !! And finally, of course YOU ALL &#8230; ..that your course in the last 20 years we were on hand this weekend and !!!! This is just for you !!!!! HHHAAAAAUUUUUUUUUUUUUUUU We are stirred and this will always remain in our memories !!! M\u00fcnggu &#8211; K\u00fcsu &#8211; R\u00f6lu &#8211; M\u00e4k &#8211; \u00c4du<\/span><\/p>\n<p class=\"tw-data-text vk_txt tw-ta tw-text-small\" dir=\"ltr\" data-placeholder=\"\u00dcbersetzung\">\n<p class=\"tw-data-text vk_txt tw-ta tw-text-small\" dir=\"ltr\" data-placeholder=\"\u00dcbersetzung\"><a href=\"https:\/\/excelsis.ch\/wordpress\/wp-content\/uploads\/2015\/10\/11221490_10153260590729702_6581660354864192433_o.jpg\" class=\"pretty_image\" data-rel=\"prettyPhoto[2220]\"><img loading=\"lazy\" decoding=\"async\" class=\"alignnone  wp-image-2221\" src=\"https:\/\/excelsis.ch\/wordpress\/wp-content\/uploads\/2015\/10\/11221490_10153260590729702_6581660354864192433_o.jpg\" alt=\"11221490_10153260590729702_6581660354864192433_o\" width=\"1258\" height=\"838\" srcset=\"https:\/\/excelsis.ch\/wordpress\/wp-content\/uploads\/2015\/10\/11221490_10153260590729702_6581660354864192433_o.jpg 2048w, https:\/\/excelsis.ch\/wordpress\/wp-content\/uploads\/2015\/10\/11221490_10153260590729702_6581660354864192433_o-300x200.jpg 300w, https:\/\/excelsis.ch\/wordpress\/wp-content\/uploads\/2015\/10\/11221490_10153260590729702_6581660354864192433_o-520x347.jpg 520w, https:\/\/excelsis.ch\/wordpress\/wp-content\/uploads\/2015\/10\/11221490_10153260590729702_6581660354864192433_o-680x453.jpg 680w, https:\/\/excelsis.ch\/wordpress\/wp-content\/uploads\/2015\/10\/11221490_10153260590729702_6581660354864192433_o-500x333.jpg 500w\" sizes=\"auto, (max-width: 1258px) 100vw, 1258px\" \/><\/a><\/p>\n","protected":false},"excerpt":{"rendered":"<p>WWOOOOOWWWWWWW&#8230;&#8230;.was f\u00fcr ein Wochenende!!!!! Wir sind einfach \u00fcberw\u00e4ltigt von Euch allen !!!!! Dieses Festival hat uns auch gezeigt, dass Musik keine Grenzen kennt\u2026. vom Jodlerklub \u00fcber Irish Folk bis hin&#8230;<\/p>\n","protected":false},"author":2,"featured_media":0,"comment_status":"open","ping_status":"open","sticky":false,"template":"","format":"standard","meta":{"footnotes":""},"categories":[1],"tags":[],"class_list":["post-2220","post","type-post","status-publish","format-standard","hentry","category-uncategorized"],"_links":{"self":[{"href":"https:\/\/excelsis.ch\/wordpress\/wp-json\/wp\/v2\/posts\/2220","targetHints":{"allow":["GET"]}}],"collection":[{"href":"https:\/\/excelsis.ch\/wordpress\/wp-json\/wp\/v2\/posts"}],"about":[{"href":"https:\/\/excelsis.ch\/wordpress\/wp-json\/wp\/v2\/types\/post"}],"author":[{"embeddable":true,"href":"https:\/\/excelsis.ch\/wordpress\/wp-json\/wp\/v2\/users\/2"}],"replies":[{"embeddable":true,"href":"https:\/\/excelsis.ch\/wordpress\/wp-json\/wp\/v2\/comments?post=2220"}],"version-history":[{"count":1,"href":"https:\/\/excelsis.ch\/wordpress\/wp-json\/wp\/v2\/posts\/2220\/revisions"}],"predecessor-version":[{"id":2222,"href":"https:\/\/excelsis.ch\/wordpress\/wp-json\/wp\/v2\/posts\/2220\/revisions\/2222"}],"wp:attachment":[{"href":"https:\/\/excelsis.ch\/wordpress\/wp-json\/wp\/v2\/media?parent=2220"}],"wp:term":[{"taxonomy":"category","embeddable":true,"href":"https:\/\/excelsis.ch\/wordpress\/wp-json\/wp\/v2\/categories?post=2220"},{"taxonomy":"post_tag","embeddable":true,"href":"https:\/\/excelsis.ch\/wordpress\/wp-json\/wp\/v2\/tags?post=2220"}],"curies":[{"name":"wp","href":"https:\/\/api.w.org\/{rel}","templated":true}]}}