{"id":3171,"date":"2025-04-14T10:18:23","date_gmt":"2025-04-14T10:18:23","guid":{"rendered":"https:\/\/excelsis.ch\/wordpress\/?p=3171"},"modified":"2025-04-14T10:18:23","modified_gmt":"2025-04-14T10:18:23","slug":"viking-rock-festival-allmendingen","status":"publish","type":"post","link":"https:\/\/excelsis.ch\/wordpress\/viking-rock-festival-allmendingen\/","title":{"rendered":"Viking-Rock-Festival Allmendingen"},"content":{"rendered":"\n<p class=\"wp-block-paragraph\">16. 18. Mai 2025<\/p>\n\n\n\n<p class=\"wp-block-paragraph\">Caligatus Felenus:<br>Allmendingen bei Bern\u2026\u2026nach bi B\u00e4rn.<br>Alwandingen, so ist die erste urkundliche Erw\u00e4hnung vom 10. Februar 1239. \u2026\u2026nach bi B\u00e4rn,<br>das sch\u00e4tzte dieser \u00abRudolf von Alwandingen\u00bb genauso wie die heutigen Bewohner von Allmendingen bei Bern.<br>Auch die Bewohner des Schlosses Allmendingen werden sich an der geografischen Lage erfreut haben. Das heutige Schloss soll im Anfang des 17. Jahrhundert erbaut und durch die Familie Steiger zu einer reizenden Campagne umgebaut worden sein.\u00a0<\/p>\n\n\n\n<p class=\"wp-block-paragraph\">Ob am selben Ort ein<br>Vorg\u00e4ngerbau gestanden hat, ist nicht bekannt. Aber es besteht eine Zeichnung von \u00abAlt-Allmendingen\u00bb als Ruine und in der Geschichte wird auch \u00fcber Burgen im benachbarten Kleinh\u00f6chstellen und im heutigen H\u00fchnliwald geschrieben. Vielleicht stand diese Burg ja auf<br>dem Frumberg, dort erkennt man den Burgh\u00fcgel einer Erdburg noch heute.<br>Und auch wir sch\u00e4tzen diese N\u00e4he zu Bern und freuen uns auf unser Viking-Rock-<br>Festival\u2026..Aber was ist das Viking-Rock-Festival?<br>Wir versuchen unsere Kompetenz im Mittelaltermarkt mit einem Rock-Konzert zu verbinden.<br>Freitag- und Samstagabend werden verschiedene Rockbands auftreten und dem Publikum einheizen, genauso wie es Manu Bigler mit ihrem Team im Rock-im-Moos angefangen hat.\u00a0<\/p>\n\n\n\n<p class=\"wp-block-paragraph\">Wir freuen uns, dass wir eine Weiterentwicklung dieses Rockfestivals ausrichten d\u00fcrfen.&nbsp;<\/p>\n\n\n\n<p class=\"wp-block-paragraph\">So hoffen wir, dass auch unser Publikum das \u00abnach bi B\u00e4rn\u00bb auch sch\u00e4tzen und zahlreich erscheinen.<br>Wir sehen uns in Allmendingen bei Bern.<\/p>\n\n\n\n<figure class=\"wp-block-image size-full\"><a href=\"https:\/\/excelsis.ch\/wordpress\/wp-content\/uploads\/2025\/04\/Allmendingen.jpg.avif\"><img loading=\"lazy\" decoding=\"async\" width=\"250\" height=\"356\" src=\"https:\/\/excelsis.ch\/wordpress\/wp-content\/uploads\/2025\/04\/Allmendingen.jpg.avif\" alt=\"\" class=\"wp-image-3169\" srcset=\"https:\/\/excelsis.ch\/wordpress\/wp-content\/uploads\/2025\/04\/Allmendingen.jpg.avif 250w, https:\/\/excelsis.ch\/wordpress\/wp-content\/uploads\/2025\/04\/Allmendingen.jpg-211x300.avif 211w\" sizes=\"auto, (max-width: 250px) 100vw, 250px\" \/><\/a><\/figure>\n\n\n\n<p class=\"wp-block-paragraph\"><a href=\"https:\/\/www.showticket.ch\/7368093\">ZU DEN TICKETS<\/a><\/p>\n","protected":false},"excerpt":{"rendered":"<p>16. 18. Mai 2025 Caligatus Felenus:Allmendingen bei Bern\u2026\u2026nach bi B\u00e4rn.Alwandingen, so ist die erste urkundliche Erw\u00e4hnung vom 10. Februar 1239. \u2026\u2026nach bi B\u00e4rn,das sch\u00e4tzte dieser \u00abRudolf von Alwandingen\u00bb genauso wie&#8230;<\/p>\n","protected":false},"author":2,"featured_media":0,"comment_status":"open","ping_status":"open","sticky":false,"template":"","format":"standard","meta":{"footnotes":""},"categories":[1],"tags":[],"class_list":["post-3171","post","type-post","status-publish","format-standard","hentry","category-uncategorized"],"_links":{"self":[{"href":"https:\/\/excelsis.ch\/wordpress\/wp-json\/wp\/v2\/posts\/3171","targetHints":{"allow":["GET"]}}],"collection":[{"href":"https:\/\/excelsis.ch\/wordpress\/wp-json\/wp\/v2\/posts"}],"about":[{"href":"https:\/\/excelsis.ch\/wordpress\/wp-json\/wp\/v2\/types\/post"}],"author":[{"embeddable":true,"href":"https:\/\/excelsis.ch\/wordpress\/wp-json\/wp\/v2\/users\/2"}],"replies":[{"embeddable":true,"href":"https:\/\/excelsis.ch\/wordpress\/wp-json\/wp\/v2\/comments?post=3171"}],"version-history":[{"count":1,"href":"https:\/\/excelsis.ch\/wordpress\/wp-json\/wp\/v2\/posts\/3171\/revisions"}],"predecessor-version":[{"id":3172,"href":"https:\/\/excelsis.ch\/wordpress\/wp-json\/wp\/v2\/posts\/3171\/revisions\/3172"}],"wp:attachment":[{"href":"https:\/\/excelsis.ch\/wordpress\/wp-json\/wp\/v2\/media?parent=3171"}],"wp:term":[{"taxonomy":"category","embeddable":true,"href":"https:\/\/excelsis.ch\/wordpress\/wp-json\/wp\/v2\/categories?post=3171"},{"taxonomy":"post_tag","embeddable":true,"href":"https:\/\/excelsis.ch\/wordpress\/wp-json\/wp\/v2\/tags?post=3171"}],"curies":[{"name":"wp","href":"https:\/\/api.w.org\/{rel}","templated":true}]}}